{"id":236,"__str__":"Indica\u00e7\u00e3o n\u00ba 94 de 2019","metadata":{},"numero":94,"ano":2019,"numero_protocolo":258,"data_apresentacao":"2019-05-15","tipo_apresentacao":"E","data_publicacao":null,"numero_origem_externa":"","ano_origem_externa":null,"data_origem_externa":null,"apelido":"","dias_prazo":null,"data_fim_prazo":null,"em_tramitacao":false,"polemica":false,"objeto":"","complementar":false,"ementa":"Disp\u00f5e sobre solicitar ao Exmo. Sr. Prefeito a troca da grama sint\u00e9tica na quadra da pra\u00e7a da Mandr\u00e1gora, bem como a troca da tela superior, reformar as telas laterais e revis\u00e3o geral na parte el\u00e9trica dos refletores e troca das l\u00e2mpadas onde for necess\u00e1rio.","indexacao":"","observacao":"","resultado":"","texto_original":"https://sapl.armacaodosbuzios.rj.leg.br/media/sapl/public/materialegislativa/2019/236/94-2019_-_ind_-_joice_-_troca_da_grama_sintetica_JSywoU6.pdf","data_ultima_atualizacao":"2024-04-15T14:28:31.352280-03:00","ip":"","ultima_edicao":null,"tipo":10,"regime_tramitacao":1,"tipo_origem_externa":null,"local_origem_externa":null,"user":null,"anexadas":[],"autores":[4]}