{"id":2354,"__str__":"Indica\u00e7\u00e3o n\u00ba 171 de 2022","link_detail_backend":"/materia/2354","metadata":{},"numero":171,"ano":2022,"numero_protocolo":280,"data_apresentacao":"2022-07-06","tipo_apresentacao":"E","data_publicacao":null,"numero_origem_externa":"","ano_origem_externa":null,"data_origem_externa":null,"apelido":"","dias_prazo":null,"data_fim_prazo":null,"em_tramitacao":false,"polemica":false,"objeto":"","complementar":false,"ementa":"Disp\u00f5e sobre solicitar ao Exmo. Sr. Prefeito que seja feita a Reforma da quadra do Darcy, bem como a coloca\u00e7\u00e3o de alambrado e tabela de basquete.","indexacao":"Reforma da quadra do Darcy, bem como a coloca\u00e7\u00e3o de alambrado e tabela de basquete.","observacao":"","resultado":"","texto_original":"http://sapl.armacaodosbuzios.rj.leg.br/media/sapl/public/materialegislativa/2022/2354/ind171.2022_niltinho_reforma_da_quadra_do_darcy_e_colocacao_de_alambrado_e_tabelas.pdf","data_ultima_atualizacao":"2024-04-15T14:29:00.972931-03:00","ip":"192.168.1.115","ultima_edicao":"2022-07-06T11:38:33.763787-03:00","tipo":10,"regime_tramitacao":1,"tipo_origem_externa":null,"local_origem_externa":null,"user":40,"anexadas":[],"autores":[8]}