{"id":2344,"__str__":"Indica\u00e7\u00e3o n\u00ba 169 de 2022","link_detail_backend":"/materia/2344","metadata":{},"numero":169,"ano":2022,"numero_protocolo":270,"data_apresentacao":"2022-07-04","tipo_apresentacao":"E","data_publicacao":null,"numero_origem_externa":"","ano_origem_externa":null,"data_origem_externa":null,"apelido":"","dias_prazo":null,"data_fim_prazo":null,"em_tramitacao":false,"polemica":false,"objeto":"","complementar":false,"ementa":"Disp\u00f5e sobre solicitar ao Exmo. Sr. Prefeito a implanta\u00e7\u00e3o de academia popular e que tenha tamb\u00e9m equipamentos para terceira idade na Pra\u00e7a da Juventude, no bairro Monte Verde, neste Munic\u00edpio.","indexacao":"a implanta\u00e7\u00e3o de academia popular e que tenha tamb\u00e9m equipamentos para terceira idade na Pra\u00e7a da Juventude, no bairro Monte Verde, neste Munic\u00edpio.","observacao":"","resultado":"","texto_original":"http://sapl.armacaodosbuzios.rj.leg.br/media/sapl/public/materialegislativa/2022/2344/ind169.2022_aurelio_academia_popular_e_terceira_idade_praca_da_juventude.pdf","data_ultima_atualizacao":"2024-04-15T14:29:00.846062-03:00","ip":"192.168.1.115","ultima_edicao":"2022-07-04T11:57:59.368214-03:00","tipo":10,"regime_tramitacao":1,"tipo_origem_externa":null,"local_origem_externa":null,"user":40,"anexadas":[],"autores":[45]}