{"id":2310,"__str__":"Projeto de Lei Complementar n\u00ba 7 de 2022","link_detail_backend":"/materia/2310","metadata":{},"numero":7,"ano":2022,"numero_protocolo":null,"data_apresentacao":"2022-06-21","tipo_apresentacao":"E","data_publicacao":null,"numero_origem_externa":"","ano_origem_externa":null,"data_origem_externa":null,"apelido":"","dias_prazo":null,"data_fim_prazo":null,"em_tramitacao":false,"polemica":false,"objeto":"","complementar":false,"ementa":"Disp\u00f5e sobre instituir o Plano de Cargos, Carreiras e Remunera\u00e7\u00e3o dos Guardas Municipais Ambientais.","indexacao":"Plano de Cargos, Carreiras, Remunera\u00e7\u00e3o, Guardas Municipais Ambientais.","observacao":"","resultado":"","texto_original":"http://sapl.armacaodosbuzios.rj.leg.br/media/sapl/public/materialegislativa/2022/2310/mensagem_no_44.2022.pdf","data_ultima_atualizacao":"2022-09-26T08:19:57.165966-03:00","ip":"187.95.47.242","ultima_edicao":"2022-06-22T11:33:08.661791-03:00","tipo":3,"regime_tramitacao":1,"tipo_origem_externa":null,"local_origem_externa":null,"user":42,"anexadas":[],"autores":[47]}