{"id":2195,"__str__":"Projeto de Lei Ordin\u00e1ria n\u00ba 47 de 2022","link_detail_backend":"/materia/2195","metadata":{},"numero":47,"ano":2022,"numero_protocolo":159,"data_apresentacao":"2022-05-09","tipo_apresentacao":"E","data_publicacao":null,"numero_origem_externa":"","ano_origem_externa":null,"data_origem_externa":null,"apelido":"","dias_prazo":null,"data_fim_prazo":null,"em_tramitacao":false,"polemica":false,"objeto":"","complementar":false,"ementa":"Disp\u00f5e sobre instituir a pr\u00e1tica da atividade f\u00edsica e do exerc\u00edcio f\u00edsico como essenciais \u00e0 sa\u00fade da popula\u00e7\u00e3o buziana.","indexacao":"instituir a pr\u00e1tica da atividade f\u00edsica e do exerc\u00edcio f\u00edsico como essenciais \u00e0 sa\u00fade da popula\u00e7\u00e3o buziana.","observacao":"","resultado":"","texto_original":"http://sapl.armacaodosbuzios.rj.leg.br/media/sapl/public/materialegislativa/2022/2195/pl47.2022_rafael_instituir_a_pratica_de_exercicio_fisico.pdf","data_ultima_atualizacao":"2022-07-08T09:54:34.146595-03:00","ip":"192.168.1.115","ultima_edicao":"2022-05-09T12:11:20.590375-03:00","tipo":1,"regime_tramitacao":1,"tipo_origem_externa":null,"local_origem_externa":null,"user":40,"anexadas":[],"autores":[42]}