{"id":2122,"__str__":"Indica\u00e7\u00e3o n\u00ba 85 de 2022","metadata":{},"numero":85,"ano":2022,"numero_protocolo":115,"data_apresentacao":"2022-03-30","tipo_apresentacao":"E","data_publicacao":null,"numero_origem_externa":"","ano_origem_externa":null,"data_origem_externa":null,"apelido":"","dias_prazo":null,"data_fim_prazo":null,"em_tramitacao":false,"polemica":false,"objeto":"","complementar":false,"ementa":"Disp\u00f5e sobre solicitar ao Exmo. Sr. Prefeito a reforma da Quadra Poliesportiva que fica no interior da E.M. Jo\u00e3o Jos\u00e9 de Carvalho (Jo\u00e3o Guelo), localizada no Cruzeiro, bairro da Rasa.","indexacao":"reforma da Quadra Poliesportiva que fica no interior da E.M. Jo\u00e3o Jos\u00e9 de Carvalho (Jo\u00e3o Guelo), localizada no Cruzeiro, bairro da Rasa.","observacao":"","resultado":"","texto_original":"https://sapl.armacaodosbuzios.rj.leg.br/media/sapl/public/materialegislativa/2022/2122/ind85.2022_josue_reforma_da_quadra_joao_guelo.pdf","data_ultima_atualizacao":"2022-07-20T10:16:33.926197-03:00","ip":"192.168.1.115","ultima_edicao":"2022-03-30T10:48:12.389525-03:00","tipo":10,"regime_tramitacao":1,"tipo_origem_externa":null,"local_origem_externa":null,"user":40,"anexadas":[],"autores":[5]}