{"id":2118,"__str__":"Indica\u00e7\u00e3o n\u00ba 81 de 2022","metadata":{},"numero":81,"ano":2022,"numero_protocolo":111,"data_apresentacao":"2022-03-28","tipo_apresentacao":"E","data_publicacao":null,"numero_origem_externa":"","ano_origem_externa":null,"data_origem_externa":null,"apelido":"","dias_prazo":null,"data_fim_prazo":null,"em_tramitacao":false,"polemica":false,"objeto":"","complementar":false,"ementa":"Disp\u00f5e sobre solicitar ao Exmo. Sr. Prefeito a reforma e coloca\u00e7\u00e3o de cobertura da quadra que fica na Pra\u00e7a da Vila S\u00e3o Jos\u00e9.","indexacao":"reforma e coloca\u00e7\u00e3o de cobertura da quadra que fica na Pra\u00e7a da Vila S\u00e3o Jos\u00e9.","observacao":"","resultado":"","texto_original":"https://sapl.armacaodosbuzios.rj.leg.br/media/sapl/public/materialegislativa/2022/2118/ind81.2022_josue_reforma_quadra_vila_sao_jose.pdf","data_ultima_atualizacao":"2024-04-15T14:28:59.466343-03:00","ip":"192.168.1.115","ultima_edicao":"2022-03-28T11:24:49.482955-03:00","tipo":10,"regime_tramitacao":1,"tipo_origem_externa":null,"local_origem_externa":null,"user":40,"anexadas":[],"autores":[5]}