{"id":2114,"__str__":"Projeto de Lei Ordin\u00e1ria n\u00ba 32 de 2022","metadata":{},"numero":32,"ano":2022,"numero_protocolo":107,"data_apresentacao":"2022-03-28","tipo_apresentacao":"E","data_publicacao":null,"numero_origem_externa":"","ano_origem_externa":null,"data_origem_externa":null,"apelido":"","dias_prazo":null,"data_fim_prazo":null,"em_tramitacao":true,"polemica":false,"objeto":"","complementar":false,"ementa":"Disp\u00f5e sobre estabelecer diretrizes para a Pol\u00edtica Municipal de Inclus\u00e3o com Pessoas com Nanismo.","indexacao":"estabelecer diretrizes para a Pol\u00edtica Municipal de Inclus\u00e3o com Pessoas com Nanismo.","observacao":"","resultado":"","texto_original":"https://sapl.armacaodosbuzios.rj.leg.br/media/sapl/public/materialegislativa/2022/2114/pl32.2022_gugu_nanismo.pdf","data_ultima_atualizacao":"2022-06-30T12:14:03.106735-03:00","ip":"192.168.1.115","ultima_edicao":"2022-03-28T10:49:30.583263-03:00","tipo":1,"regime_tramitacao":1,"tipo_origem_externa":null,"local_origem_externa":null,"user":40,"anexadas":[],"autores":[44]}