{"id":2074,"__str__":"Indica\u00e7\u00e3o n\u00ba 57 de 2022","metadata":{},"numero":57,"ano":2022,"numero_protocolo":78,"data_apresentacao":"2022-03-14","tipo_apresentacao":"E","data_publicacao":null,"numero_origem_externa":"","ano_origem_externa":null,"data_origem_externa":null,"apelido":"","dias_prazo":null,"data_fim_prazo":null,"em_tramitacao":false,"polemica":false,"objeto":"","complementar":false,"ementa":"Disp\u00f5e sobre solicitar ao Exmo. Sr. Prefeito a instala\u00e7\u00e3o de faixas de pedestres em toda extens\u00e3o da RJ -102 em Arma\u00e7\u00e3o dos B\u00fazios.","indexacao":"instala\u00e7\u00e3o de faixas de pedestres em toda extens\u00e3o da RJ -102 em Arma\u00e7\u00e3o dos B\u00fazios.","observacao":"","resultado":"","texto_original":"https://sapl.armacaodosbuzios.rj.leg.br/media/sapl/public/materialegislativa/2022/2074/ind57.2022_victor_faixa_pedestre_rj-102.pdf","data_ultima_atualizacao":"2024-04-15T14:28:58.890760-03:00","ip":"192.168.1.115","ultima_edicao":"2022-03-14T09:55:57.168209-03:00","tipo":10,"regime_tramitacao":1,"tipo_origem_externa":null,"local_origem_externa":null,"user":40,"anexadas":[],"autores":[43]}