{"id":2064,"__str__":"Indica\u00e7\u00e3o n\u00ba 53 de 2022","metadata":{},"numero":53,"ano":2022,"numero_protocolo":73,"data_apresentacao":"2022-03-09","tipo_apresentacao":"E","data_publicacao":null,"numero_origem_externa":"","ano_origem_externa":null,"data_origem_externa":null,"apelido":"","dias_prazo":null,"data_fim_prazo":null,"em_tramitacao":false,"polemica":false,"objeto":"","complementar":false,"ementa":"Disp\u00f5e sobre solicitar ao Exmo. Sr. Prefeito a reforma e coloca\u00e7\u00e3o de cobertura da quadra que fica na Pra\u00e7a de S\u00e3o Jos\u00e9, bem como os brinquedos do parque infantil da mesma.","indexacao":"reforma e coloca\u00e7\u00e3o de cobertura da quadra que fica na Pra\u00e7a de S\u00e3o Jos\u00e9, bem como os brinquedos do parque infantil da mesma.","observacao":"","resultado":"","texto_original":"https://sapl.armacaodosbuzios.rj.leg.br/media/sapl/public/materialegislativa/2022/2064/ind53.2022_josue_reforma_da_praca_e_quadra_em_sao_jose.pdf","data_ultima_atualizacao":"2024-04-15T14:28:58.605997-03:00","ip":"192.168.1.115","ultima_edicao":"2022-03-09T11:06:17.382225-03:00","tipo":10,"regime_tramitacao":1,"tipo_origem_externa":null,"local_origem_externa":null,"user":40,"anexadas":[],"autores":[5]}