{"id":2012,"__str__":"Indica\u00e7\u00e3o n\u00ba 23 de 2022","link_detail_backend":"/materia/2012","metadata":{},"numero":23,"ano":2022,"numero_protocolo":32,"data_apresentacao":"2022-02-16","tipo_apresentacao":"E","data_publicacao":null,"numero_origem_externa":"","ano_origem_externa":null,"data_origem_externa":null,"apelido":"","dias_prazo":null,"data_fim_prazo":null,"em_tramitacao":false,"polemica":false,"objeto":"","complementar":false,"ementa":"Disp\u00f5e sobre solicitar ao Exmo. Sr. Prefeito a viabilidade de firmar conv\u00eanio com governo Federal para Implanta\u00e7\u00e3o de campos do IF - de Educa\u00e7\u00e3o, Ci\u00eancia e Tecnologia, na Escola Municipal Jos\u00e9 Pereira Neves J\u00fanior.","indexacao":"viabilidade de firmar conv\u00eanio com governo Federal para Implanta\u00e7\u00e3o de campos do IF - de Educa\u00e7\u00e3o, Ci\u00eancia e Tecnologia, na Escola Municipal Jos\u00e9 Pereira Neves J\u00fanior.","observacao":"","resultado":"","texto_original":"http://sapl.armacaodosbuzios.rj.leg.br/media/sapl/public/materialegislativa/2022/2012/ind23.2022_dida_firmar_convenio.pdf","data_ultima_atualizacao":"2022-07-19T10:56:59.094469-03:00","ip":"192.168.1.115","ultima_edicao":"2022-02-16T08:31:18.207055-03:00","tipo":10,"regime_tramitacao":1,"tipo_origem_externa":null,"local_origem_externa":null,"user":40,"anexadas":[],"autores":[1]}