{"id":1999,"__str__":"Indica\u00e7\u00e3o n\u00ba 16 de 2022","link_detail_backend":"/materia/1999","metadata":{},"numero":16,"ano":2022,"numero_protocolo":21,"data_apresentacao":"2022-02-09","tipo_apresentacao":"E","data_publicacao":null,"numero_origem_externa":"","ano_origem_externa":null,"data_origem_externa":null,"apelido":"","dias_prazo":null,"data_fim_prazo":null,"em_tramitacao":false,"polemica":false,"objeto":"","complementar":false,"ementa":"Disp\u00f5e sobre solicitar ao Exmo. Sr. Prefeito que seja custeado o transporte p\u00fablico dos alunos do IFF \u2013 Instituto Federal Fluminense residentes no munic\u00edpio, atrav\u00e9s da empresa Salineira, concession\u00e1ria de transporte p\u00fablico intermunicipal.","indexacao":"seja custeado o transporte p\u00fablico dos alunos do IFF \u2013 Instituto Federal Fluminense residentes no munic\u00edpio, atrav\u00e9s da empresa Salineira, concession\u00e1ria de transporte p\u00fablico intermunicipal.","observacao":"","resultado":"","texto_original":"http://sapl.armacaodosbuzios.rj.leg.br/media/sapl/public/materialegislativa/2022/1999/ind16.2022_raphael_transporte.pdf","data_ultima_atualizacao":"2024-04-15T14:28:57.711884-03:00","ip":"192.168.1.115","ultima_edicao":"2022-02-09T10:47:20.065933-03:00","tipo":10,"regime_tramitacao":1,"tipo_origem_externa":null,"local_origem_externa":null,"user":40,"anexadas":[],"autores":[46]}