{"id":1992,"__str__":"Projeto de Lei Ordin\u00e1ria n\u00ba 12 de 2022","link_detail_backend":"/materia/1992","metadata":{},"numero":12,"ano":2022,"numero_protocolo":14,"data_apresentacao":"2022-02-07","tipo_apresentacao":"E","data_publicacao":null,"numero_origem_externa":"","ano_origem_externa":null,"data_origem_externa":null,"apelido":"","dias_prazo":null,"data_fim_prazo":null,"em_tramitacao":true,"polemica":false,"objeto":"","complementar":false,"ementa":"Disp\u00f5e sobre instituir o programa Creche Noturna \u2013 no \u00e2mbito do Munic\u00edpio de Arma\u00e7\u00e3o dos B\u00fazios.","indexacao":"instituir o programa Creche Noturna \u2013 no \u00e2mbito do Munic\u00edpio de Arma\u00e7\u00e3o dos B\u00fazios","observacao":"","resultado":"","texto_original":"http://sapl.armacaodosbuzios.rj.leg.br/media/sapl/public/materialegislativa/2022/1992/pl12.2022_gugu_creche_noturna.pdf","data_ultima_atualizacao":"2022-02-08T11:19:53.436826-03:00","ip":"192.168.1.168","ultima_edicao":"2022-02-07T11:10:28.664044-03:00","tipo":1,"regime_tramitacao":1,"tipo_origem_externa":null,"local_origem_externa":null,"user":40,"anexadas":[],"autores":[44]}