{"id":1988,"__str__":"Indica\u00e7\u00e3o n\u00ba 8 de 2022","metadata":{},"numero":8,"ano":2022,"numero_protocolo":10,"data_apresentacao":"2022-02-07","tipo_apresentacao":"E","data_publicacao":null,"numero_origem_externa":"","ano_origem_externa":null,"data_origem_externa":null,"apelido":"","dias_prazo":null,"data_fim_prazo":null,"em_tramitacao":false,"polemica":false,"objeto":"","complementar":false,"ementa":"Disp\u00f5e sobre solicitar ao Exmo. Sr. Prefeito que seja constru\u00eddo uma SEDE pr\u00f3pria para os Guarda-vidas no \u00e2mbito do munic\u00edpio Arma\u00e7\u00e3o dos B\u00fazios.","indexacao":"constru\u00eddo uma SEDE pr\u00f3pria para os Guarda-vidas no \u00e2mbito do munic\u00edpio Arma\u00e7\u00e3o dos B\u00fazios.","observacao":"","resultado":"","texto_original":"https://sapl.armacaodosbuzios.rj.leg.br/media/sapl/public/materialegislativa/2022/1988/ind08.2022_victor_sede_guarda-vidas_jul.pdf","data_ultima_atualizacao":"2024-04-15T14:28:57.298885-03:00","ip":"192.168.1.115","ultima_edicao":"2022-02-07T09:52:03.084116-03:00","tipo":10,"regime_tramitacao":1,"tipo_origem_externa":null,"local_origem_externa":null,"user":40,"anexadas":[],"autores":[43]}