{"id":1655,"__str__":"Projeto de Lei Ordin\u00e1ria n\u00ba 73 de 2021","metadata":{},"numero":73,"ano":2021,"numero_protocolo":252,"data_apresentacao":"2021-08-16","tipo_apresentacao":"E","data_publicacao":null,"numero_origem_externa":"","ano_origem_externa":null,"data_origem_externa":null,"apelido":"","dias_prazo":null,"data_fim_prazo":null,"em_tramitacao":false,"polemica":false,"objeto":"","complementar":false,"ementa":"Disp\u00f5e sobre criar a carteira de identifica\u00e7\u00e3o da pessoa com transtorno do espectro autista (CIPTEA), e d\u00e1 outras provid\u00eancias no munic\u00edpio de Arma\u00e7\u00e3o dos B\u00fazios.","indexacao":"carteira de identifica\u00e7\u00e3o da pessoa com transtorno do espectro autista (CIPTEA)","observacao":"","resultado":"","texto_original":"https://sapl.armacaodosbuzios.rj.leg.br/media/sapl/public/materialegislativa/2021/1655/plo73.2021_aurelio_gugu_ciptea.pdf","data_ultima_atualizacao":"2021-11-25T09:31:17.448490-03:00","ip":"192.168.1.115","ultima_edicao":"2021-08-16T10:40:43.599488-03:00","tipo":1,"regime_tramitacao":1,"tipo_origem_externa":null,"local_origem_externa":null,"user":40,"anexadas":[],"autores":[45,44]}