{"id":1644,"__str__":"Indica\u00e7\u00e3o n\u00ba 172 de 2021","link_detail_backend":"/materia/1644","metadata":{},"numero":172,"ano":2021,"numero_protocolo":243,"data_apresentacao":"2021-08-02","tipo_apresentacao":"E","data_publicacao":null,"numero_origem_externa":"","ano_origem_externa":null,"data_origem_externa":null,"apelido":"","dias_prazo":null,"data_fim_prazo":null,"em_tramitacao":false,"polemica":false,"objeto":"","complementar":false,"ementa":"Disp\u00f5e sobre solicitar ao Exmo. Sr. Prefeito a aquisi\u00e7\u00e3o de bicicletas para todos os Agentes Comunit\u00e1rio de Sa\u00fade, neste Munic\u00edpio.","indexacao":"bicicletas para todos os Agentes Comunit\u00e1rio de Sa\u00fade","observacao":"","resultado":"","texto_original":"http://sapl.armacaodosbuzios.rj.leg.br/media/sapl/public/materialegislativa/2021/1644/ind172.2021_aurelio_bicicletas_agente_comunitario.pdf","data_ultima_atualizacao":"2024-04-15T14:28:53.260450-03:00","ip":"192.168.1.115","ultima_edicao":"2021-08-02T12:06:19.606377-03:00","tipo":10,"regime_tramitacao":1,"tipo_origem_externa":null,"local_origem_externa":null,"user":10,"anexadas":[],"autores":[45]}