{"id":163,"__str__":"Indica\u00e7\u00e3o n\u00ba 55 de 2019","metadata":{},"numero":55,"ano":2019,"numero_protocolo":172,"data_apresentacao":"2019-04-15","tipo_apresentacao":"E","data_publicacao":null,"numero_origem_externa":"","ano_origem_externa":null,"data_origem_externa":null,"apelido":"","dias_prazo":null,"data_fim_prazo":null,"em_tramitacao":false,"polemica":false,"objeto":"","complementar":false,"ementa":"Disp\u00f5e sobre solicitar ao Exmo. Sr. Prefeito que adote medidas necess\u00e1rias para instala\u00e7\u00e3o de lixeiras em locais estrat\u00e9gicos (em frente as escolas, ponto de vans e nas duas pra\u00e7as), no bairro de Cem Bra\u00e7as.","indexacao":"instala\u00e7\u00e3o de lixeiras no bairro de Cem Bra\u00e7as em locais estrat\u00e9gicos","observacao":"","resultado":"","texto_original":"https://sapl.armacaodosbuzios.rj.leg.br/media/sapl/public/materialegislativa/2019/163/55-2019_-_ind_-_adiel_-_lixeiras_em_pontos_extra_EJ2iz2l.pdf","data_ultima_atualizacao":"2019-08-28T09:40:33.350925-03:00","ip":"","ultima_edicao":null,"tipo":10,"regime_tramitacao":1,"tipo_origem_externa":null,"local_origem_externa":null,"user":null,"anexadas":[],"autores":[1]}