{"id":1443,"__str__":"Projeto de Lei Complementar n\u00ba 2 de 2021","metadata":{},"numero":2,"ano":2021,"numero_protocolo":103,"data_apresentacao":"2021-03-10","tipo_apresentacao":"E","data_publicacao":null,"numero_origem_externa":"","ano_origem_externa":null,"data_origem_externa":null,"apelido":"","dias_prazo":null,"data_fim_prazo":null,"em_tramitacao":true,"polemica":false,"objeto":"","complementar":false,"ementa":"Disp\u00f5e sobre acrescentar o \u00a73\u00ba \u00e0 Lei 789 de 10 de junho de 2010, que institui o Aux\u00edlio-Refei\u00e7\u00e3o aos Servidores P\u00fablicos do Poder Executivo Municipal detentores de cargo de provimento efetivo.","indexacao":"auxilio refei\u00e7\u00e3o","observacao":"","resultado":"","texto_original":"https://sapl.armacaodosbuzios.rj.leg.br/media/sapl/public/materialegislativa/2021/1443/plc02.2021_raphael_auxilio_refeicao.pdf","data_ultima_atualizacao":"2021-03-15T08:39:57.422468-03:00","ip":"192.168.1.116","ultima_edicao":"2021-03-10T11:51:07.139309-03:00","tipo":3,"regime_tramitacao":1,"tipo_origem_externa":null,"local_origem_externa":null,"user":10,"anexadas":[],"autores":[46]}