{"id":1139,"__str__":"Indica\u00e7\u00e3o n\u00ba 142 de 2020","metadata":{},"numero":142,"ano":2020,"numero_protocolo":264,"data_apresentacao":"2020-09-30","tipo_apresentacao":"E","data_publicacao":null,"numero_origem_externa":"","ano_origem_externa":null,"data_origem_externa":null,"apelido":"","dias_prazo":null,"data_fim_prazo":null,"em_tramitacao":false,"polemica":false,"objeto":"","complementar":false,"ementa":"Disp\u00f5e sobre solicitar ao Exmo. Sr. Prefeito que estude a possibilidade de denominar a Pra\u00e7a em frente \u00e0 escola do Escola Municipal Manoel Antonio da Costa, mais conhecida como Mudinho, com o nome do saudoso Senhor Jo\u00e3o Souza dos Anjos","indexacao":"","observacao":"","resultado":"","texto_original":"https://sapl.armacaodosbuzios.rj.leg.br/media/sapl/public/materialegislativa/2020/1139/denominacao_oficial_da_praca_-_joao_de_carola..pdf","data_ultima_atualizacao":"2024-04-15T14:28:50.286316-03:00","ip":"192.168.88.108","ultima_edicao":"2020-10-07T12:09:44.404514-03:00","tipo":10,"regime_tramitacao":1,"tipo_origem_externa":null,"local_origem_externa":null,"user":7,"anexadas":[],"autores":[12]}