{"id":1068,"__str__":"Projeto de Lei Ordin\u00e1ria n\u00ba 57 de 2020","metadata":{},"numero":57,"ano":2020,"numero_protocolo":201,"data_apresentacao":"2020-09-04","tipo_apresentacao":"E","data_publicacao":null,"numero_origem_externa":"","ano_origem_externa":null,"data_origem_externa":null,"apelido":"","dias_prazo":null,"data_fim_prazo":null,"em_tramitacao":false,"polemica":false,"objeto":"","complementar":false,"ementa":"Disp\u00f5e sobre instituir a campanha SETEMBRO AMARELO e o DIA MUNICIPAL DE COMBATE AO SUIC\u00cdDIO no calend\u00e1rio oficial do Munic\u00edpio de Arma\u00e7\u00e3o dos B\u00fazios.","indexacao":"setembro amarelo","observacao":"","resultado":"","texto_original":"https://sapl.armacaodosbuzios.rj.leg.br/media/sapl/public/materialegislativa/2020/1068/pl_57.20_gladys_setembro_amarelo.pdf","data_ultima_atualizacao":"2023-10-06T15:07:21.036087-03:00","ip":"192.168.88.133","ultima_edicao":"2020-09-04T12:35:31.331167-03:00","tipo":1,"regime_tramitacao":1,"tipo_origem_externa":null,"local_origem_externa":null,"user":10,"anexadas":[],"autores":[2]}