{"id":1006,"__str__":"Avulso - OF\u00cdCIO 01 F\u00d3RUM PERMANENTE DE CULTURA de 09/06/2025 por ","metadata":{},"nome":"OF\u00cdCIO 01 F\u00d3RUM PERMANENTE DE CULTURA","data":"2025-06-09","autor":"","ementa":"","indexacao":"","arquivo":"https://sapl.armacaodosbuzios.rj.leg.br/media/sapl/public/documentoacessorio/2025/1006/oficios_diversos_no._01_de_2025_cultura_inclusao_do_projeto_plo_33_de_2025_aldir_blanc.pdf","data_ultima_atualizacao":"2025-06-09T12:18:55.001915-03:00","materia":3967,"tipo":3}