{"id":2665,"__str__":"Autoria: Ver. Uriel da Sa\u00fade - Mo\u00e7\u00e3o n\u00ba 10 de 2022","link_detail_backend":"/materia/autoria/2665","metadata":{},"primeiro_autor":true,"autor":48,"materia":2350}